{"id":7831,"date":"2021-04-07T10:54:00","date_gmt":"2021-04-07T07:54:00","guid":{"rendered":"https:\/\/tischool.ro\/?p=7831"},"modified":"2023-12-10T16:18:17","modified_gmt":"2023-12-10T14:18:17","slug":"educatia-este-viata-insasi-ep-1","status":"publish","type":"post","link":"https:\/\/tischool.ro\/en\/2021\/04\/07\/educatia-este-viata-insasi-ep-1\/","title":{"rendered":"Education is life itself. Ep. 1"},"content":{"rendered":"<p><span class=\"style-scope yt-formatted-string\" dir=\"auto\">Ce este educa\u021bia? O \u00eentrebare f\u0103r\u0103 \u00eendoial\u0103 pe c\u00e2t de complex\u0103, pe at\u00e2t de stringent\u0103. \u00centre ideea de autoeducare \u0219i formarea omului \u00een devenirea sa, a educa poate \u00eensemna perpetuarea valorilor unei societ\u0103\u021bi sau perpetuarea valorilor familei, care este nucleul societ\u0103\u021bii. Mai mult, educa\u021bia poate \u00eensemna \u0219i cre\u0219terea sau atingerea scopului fiin\u021bei umane atunci c\u00e2nd a fost creat\u0103 \u0219i \u00eennobilat\u0103 cu imperativul: \u201ecre\u0219te\u021bi\u201d. <\/span><\/p>\n\n\n\n<p><span class=\"style-scope yt-formatted-string\" dir=\"auto\">Din orice perspectiv\u0103 am privi \u2013 aceea de p\u0103rin\u021bi, elevi, pedagogi, speciali\u0219ti, g\u00e2nditori &#8211; educa\u021bia este deopotriv\u0103 un fenomen interior \u0219i unul exterior, unul de fond \u0219i unul de perspectiv\u0103, \u00eentr-o sintez\u0103 ce are menirea s\u0103 \u00eennobileze fiin\u021ba, \u00een ansamblul ei. <\/span><\/p>\n\n\n\n<p><span class=\"style-scope yt-formatted-string\" dir=\"auto\">Despre aceast\u0103 \u00eennobilare a fiin\u021bei prin educa\u021bie ne propunem s\u0103 discut\u0103m \u00een emisiunea <strong>Educa\u021bia la 360 de grade<\/strong>. <\/span><\/p>\n\n\n\n<figure class=\"wp-block-boldblocks-youtube-block\"><div id=\"yb-video-jKYfbKEoQI8\" class=\"yb-player\" data-video-id=\"jKYfbKEoQI8\" data-title=\"Play\" style=\"background-image:url(https:\/\/img.youtube.com\/vi\/jKYfbKEoQI8\/hqdefault.jpg)\"><button type=\"button\" class=\"yb-btn-play\"><span class=\"visually-hidden\">Play<\/span><\/button><\/div><figcaption class=\"yb-caption\">Educa\u021bia 360 &#8211; Educa\u021bia este via\u021ba \u00eens\u0103\u0219i. Ep. 1<\/figcaption><\/figure>\n\n\n\n<div class=\"wp-block-media-text is-stacked-on-mobile padding-zero has-black-background-color has-background\" style=\"grid-template-columns:35% auto\"><figure class=\"wp-block-media-text__media\"><img decoding=\"async\" width=\"267\" height=\"150\" src=\"https:\/\/tischool.ro\/wp-content\/uploads\/2021\/04\/educatia-360-logo-2.png\" alt=\"Emisiunea &quot;Educatie la 360 de grade&quot;\" class=\"wp-image-8240 size-full\" srcset=\"https:\/\/tischool.ro\/wp-content\/uploads\/2021\/04\/educatia-360-logo-2.png 267w, https:\/\/tischool.ro\/wp-content\/uploads\/2021\/04\/educatia-360-logo-2-200x112.png 200w\" sizes=\"(max-width: 267px) 100vw, 267px\" \/><\/figure><div class=\"wp-block-media-text__content\">\n<p class=\"has-white-color has-black-background-color has-text-color has-background has-small-font-size\"><strong>Educa\u021bia la 360\u00b0<\/strong> is a show that aims to approach the \ufb01eld of education in a holistic\nway. You can listen to us weekly on <strong>RVS Bra\u0219ov (94,6 FM)<\/strong>, wednesdays at 16:00 and\nsundays at 14:00. The show will also be available in video format on <a href=\"https:\/\/www.facebook.com\/Educatia360\">Facebook<\/a> and <a href=\"https:\/\/www.youtube.com\/@educatia3603\">Youtube<\/a>In audio format, the show can be\nwatched on the Apple Podcast and Google Podcast platforms.<\/p>\n<\/div><\/div>","protected":false},"excerpt":{"rendered":"<p>O \u00eentrebare f\u0103r\u0103 \u00eendoial\u0103 pe c\u00e2t de complex\u0103, pe at\u00e2t de stringent\u0103. \u00centre ideea de autoeducare \u0219i formarea omului \u00een devenirea sa, a educa poate \u00eensemna perpetuarea valorilor unei societ\u0103\u021bi sau perpetuarea valorilor familei. Acesta este nucleul societ\u0103\u021bii. <\/p>","protected":false},"author":2,"featured_media":8142,"comment_status":"closed","ping_status":"closed","sticky":false,"template":"","format":"standard","meta":{"footnotes":""},"categories":[36],"tags":[],"ppma_author":[40],"class_list":["post-7831","post","type-post","status-publish","format-standard","has-post-thumbnail","hentry","category-educatia-360"],"authors":[{"term_id":40,"user_id":2,"is_guest":0,"slug":"stefanita","display_name":"Stefanita Poenariu","avatar_url":{"url":"https:\/\/tischool.ro\/wp-content\/uploads\/2023\/09\/echipa-poenariu-stefanita.jpg","url2x":"https:\/\/tischool.ro\/wp-content\/uploads\/2023\/09\/echipa-poenariu-stefanita.jpg"},"0":null,"1":"","2":"","3":"","4":"","5":"","6":"","7":"","8":""}],"_links":{"self":[{"href":"https:\/\/tischool.ro\/en\/wp-json\/wp\/v2\/posts\/7831","targetHints":{"allow":["GET"]}}],"collection":[{"href":"https:\/\/tischool.ro\/en\/wp-json\/wp\/v2\/posts"}],"about":[{"href":"https:\/\/tischool.ro\/en\/wp-json\/wp\/v2\/types\/post"}],"author":[{"embeddable":true,"href":"https:\/\/tischool.ro\/en\/wp-json\/wp\/v2\/users\/2"}],"replies":[{"embeddable":true,"href":"https:\/\/tischool.ro\/en\/wp-json\/wp\/v2\/comments?post=7831"}],"version-history":[{"count":7,"href":"https:\/\/tischool.ro\/en\/wp-json\/wp\/v2\/posts\/7831\/revisions"}],"predecessor-version":[{"id":9892,"href":"https:\/\/tischool.ro\/en\/wp-json\/wp\/v2\/posts\/7831\/revisions\/9892"}],"wp:featuredmedia":[{"embeddable":true,"href":"https:\/\/tischool.ro\/en\/wp-json\/wp\/v2\/media\/8142"}],"wp:attachment":[{"href":"https:\/\/tischool.ro\/en\/wp-json\/wp\/v2\/media?parent=7831"}],"wp:term":[{"taxonomy":"category","embeddable":true,"href":"https:\/\/tischool.ro\/en\/wp-json\/wp\/v2\/categories?post=7831"},{"taxonomy":"post_tag","embeddable":true,"href":"https:\/\/tischool.ro\/en\/wp-json\/wp\/v2\/tags?post=7831"},{"taxonomy":"author","embeddable":true,"href":"https:\/\/tischool.ro\/en\/wp-json\/wp\/v2\/ppma_author?post=7831"}],"curies":[{"name":"wp","href":"https:\/\/api.w.org\/{rel}","templated":true}]}}